{"id":85812,"date":"2023-12-28T22:05:08","date_gmt":"2023-12-28T21:05:08","guid":{"rendered":"https:\/\/www.romecityinstitute.com\/?p=85812"},"modified":"2023-12-28T22:05:08","modified_gmt":"2023-12-28T21:05:08","slug":"an-italian-american-in-rome-christian-rafter-embracing-his-familys-history-while-making-his-own","status":"publish","type":"post","link":"https:\/\/www.romecityinstitute.com\/it\/an-italian-american-in-rome-christian-rafter-embracing-his-familys-history-while-making-his-own\/","title":{"rendered":"Un italoamericano a Roma: Christian Rafter, che abbraccia la storia della sua famiglia mentre crea la propria"},"content":{"rendered":"<p>Nato e cresciuto nel New Jersey meridionale, Christian Rafter \u00e8 un giovane che porta orgogliosamente sul petto la bandiera italo-americana delle sue origini. Nel gennaio del 2022, Christian ha deciso di trasferirsi dall&#039;altra parte del mondo, per seguire le orme dei suoi antenati e costruirsi una vita a Roma.<\/p>\n<p>Quasi 17 mesi dopo, mentre il suo periodo iniziale trascorso in Italia sta per concludersi, il ventiquattrenne ha appena completato il suo prossimo passo nel percorso formativo, un master in Management e Coaching Sportivo presso il Rome City Institute. Durante il suo soggiorno in Italia, Christian si \u00e8 assicurato di sfruttare ogni opportunit\u00e0 che gli si presentava per abbracciare la cultura italiana in ogni suo aspetto.<\/p>\n<p>Le radici italoamericane di Christian affondano nel suo bisnonno, Raffaele Ciccarone. Uno dei tanti immigrati italiani giunti in America in cerca di una vita migliore tra la fine del XIX e l&#039;inizio del XX secolo, Raffaele, originario di Italia, part\u00ec alla ricerca di una nuova vita in America. Raffaele part\u00ec dalla sua citt\u00e0 natale, Santeramo in Colle, Bari, per Bound Brook, nel New Jersey, quando aveva solo 24 anni, la stessa et\u00e0 che Christian aveva quando fece il viaggio nella direzione opposta. Come molti immigrati del suo tempo, Raffaele affront\u00f2 molte sfide nel tentativo di costruirsi una nuova vita in una terra straniera.<\/p>\n<p>Anni dopo il suo trasferimento nel New Jersey (dove la sua famiglia risiede ancora oggi), Raffaele ebbe una nipote, Kira Ciccarone, la madre di Christian. Anche se Christian non \u00e8 un Ciccarone di nome, il sangue Ciccarone scorre nelle sue vene e lo porta con s\u00e9 come uno scudo d&#039;onore. La madre di Christian ha fortemente sostenuto la decisione del figlio di vivere a Roma, orgogliosa di vedere la propria discendenza percorrere le orme del nonno.<\/p>\n<p>Nel 2020, con l&#039;aiuto di sua madre e del resto della sua famiglia italiana, la cittadinanza italiana di Christian \u00e8 stata ufficialmente riconosciuta. Questo \u00e8 stato un traguardo importante per lui e la sua famiglia, poich\u00e9 ha rafforzato ulteriormente il loro legame con l&#039;Italia e ha creato un senso di appartenenza a questo Paese. Questo riconoscimento permette a Christian di esplorare nuove opportunit\u00e0 per s\u00e9 stesso, vivendo la sua eredit\u00e0 italiana e ricordando costantemente l&#039;eredit\u00e0 duratura del viaggio di Raffaele in America e il contributo degli immigrati italiani alla societ\u00e0 americana.<\/p>\n<p>Per quanto riguarda la storia sportiva di Christian, quest&#039;ultimo ha giocato per quattro anni nella NCAA durante il suo percorso universitario, prima di decidere di conseguire un Master al Rome City Institute. Christian ha trascorso due anni come studente-atleta al Rosemont College, prima di trasferirsi alla Cabrini University per completare la sua laurea triennale.<\/p>\n<p>Quando Christian arriv\u00f2 al Rome City Institute nel semestre primaverile del 2022, stava iniziando un anno scolastico che durava gi\u00e0 da un semestre, ma questo non gli imped\u00ec di ambientarsi immediatamente. In campo, ebbe subito un impatto positivo sulla squadra del Rome City, che era a met\u00e0 stagione e partecipava al Campionato delle Universit\u00e0 di Roma. Dopo aver instaurato ottimi rapporti dentro e fuori dal campo con i giocatori, Christian divenne un giocatore titolare fondamentale, contribuendo a guidare il Rome City al suo primo titolo nella storia della competizione. Tra gol e assist, nessuno fu pi\u00f9 importante del suo gol in semifinale, dove apr\u00ec le marcature sull&#039;1-0 e la squadra del Rome City non si volt\u00f2 pi\u00f9 indietro.<\/p>\n<p>Oltre ai suoi successi sportivi e accademici durante il suo soggiorno a Roma, Christian Rafter ha anche abbracciato la cultura italiana in diversi modi. Christian ha sviluppato un profondo apprezzamento per la musica, il cibo e la cultura pop italiana. Ha dedicato parte del suo tempo libero all&#039;approfondimento dei media italiani e ha scoperto un forte apprezzamento per programmi televisivi italiani come &quot;Suburra&quot; e &quot;Vostro Onore&quot;, ascoltando podcast italiani come &quot;Muschio Salvaggio&quot; e scoprendo alcuni nuovi artisti musicali italiani preferiti come &quot;Lazza&quot; e &quot;Shiva&quot;, solo per citarne alcuni. Grazie ai media e all&#039;aiuto degli amici, Christian \u00e8 diventato quasi fluente in italiano, il che gli ha offerto nuove opportunit\u00e0 di entrare in contatto con la gente del posto.<\/p>\n<p>La passione di Christian per l&#039;italiano, nata principalmente attraverso il calcio, si \u00e8 sviluppata pi\u00f9 di quanto inizialmente immaginasse possibile. Ha trascorso del tempo viaggiando in tutta Italia, esplorando i numerosi monumenti storici, musei e gallerie d&#039;arte del Paese, e facendo del suo meglio per vedere il maggior numero possibile di partite e stadi di calcio di alto livello.<\/p>\n<p>Di recente, Christian ha avuto l&#039;opportunit\u00e0 di recarsi a Bari, citt\u00e0 d&#039;origine della sua famiglia, per assistere a una partita dell&#039;SSC Bari in Serie B. Christian \u00e8 rimasto colpito dalla vivacit\u00e0 dell&#039;enorme stadio e dall&#039;energia dei tifosi. \u00c8 stata un&#039;esperienza fantastica, in cui ha potuto constatare la passione e la dedizione dei tifosi baresi.<\/p>\n<p>Il viaggio a Bari \u00e8 stato un&#039;esperienza formativa per Christian, poich\u00e9 ha approfondito il suo legame con la famiglia italiana e gli ha permesso di comprendere meglio le sue origini. Ha anche rafforzato il suo desiderio di intraprendere una carriera nel management sportivo, avendo potuto constatare in prima persona l&#039;impatto che lo sport pu\u00f2 avere sulle comunit\u00e0 locali.<\/p>\n<p>Le esperienze dell&#039;ultimo anno e mezzo hanno aiutato Christian a sviluppare una prospettiva unica sull&#039;intersezione tra sport e cultura, offrendogli al contempo un&#039;esperienza di vita, poich\u00e9 ha dovuto avventurarsi nel mondo dell&#039;ignoto. Il 13 maggio<sup>il<\/sup>, 2023 Christian parteciper\u00e0 con i suoi coetanei e amici alla cerimonia di laurea del Rome City Institute, per poi ricevere la laurea che ha reso tutto questo possibile. Dopo il periodo trascorso all&#039;estero, Christian torner\u00e0 nella sua citt\u00e0 natale nel New Jersey con un bagaglio di conoscenze e influenze europee che pochi altri possono vantare.<\/p>\n<p>Mentre intraprende il suo nuovo capitolo e il suo nuovo viaggio nel mondo del Management e del Coaching Sportivo, Christian porta con s\u00e9 un profondo senso di responsabilit\u00e0, consapevole di avere il potere di plasmare la vita degli atleti e guidarli verso il loro pieno potenziale. La dedizione, il duro lavoro e la passione di Christian per lo sport, per se stesso e per l&#039;Italia stessa lo hanno portato a questo momento. Non c&#039;\u00e8 dubbio che Christian avr\u00e0 un impatto significativo sulla vita degli atleti che allena e delle squadre che gestisce, cogliendo al contempo tutte le opportunit\u00e0 che gli si presenteranno, proprio come ha fatto durante il suo periodo a Roma.<\/p>\n<p>Che possa continuare a ispirare e incoraggiare chi lo circonda, e che possa sempre aspirare alla grandezza in tutto ci\u00f2 che fa. Il Comune di Roma \u00e8 orgoglioso di sapere che Christian Rafter sar\u00e0 sempre un Rome City Lion!<\/p>","protected":false},"excerpt":{"rendered":"<p>Nato e cresciuto nel New Jersey meridionale, Christian Rafter \u00e8 un giovane che sventola fiera sul petto la bandiera italo-americana delle sue origini. Nel gennaio del 2022, Christian ha deciso di trasferirsi dall&#039;altra parte del mondo, per seguire le orme dei suoi antenati e costruirsi una vita a Roma. Quasi [\u2026]<\/p>","protected":false},"author":13,"featured_media":85813,"comment_status":"closed","ping_status":"closed","sticky":false,"template":"","format":"standard","meta":{"_acf_changed":false,"_monsterinsights_skip_tracking":false,"_monsterinsights_sitenote_active":false,"_monsterinsights_sitenote_note":"","_monsterinsights_sitenote_category":0,"footnotes":""},"categories":[1],"tags":[],"class_list":["post-85812","post","type-post","status-publish","format-standard","has-post-thumbnail","hentry","category-articoli"],"acf":[],"yoast_head":"<!-- This site is optimized with the Yoast SEO plugin v26.5 - https:\/\/yoast.com\/wordpress\/plugins\/seo\/ -->\n<title>An Italian American in Rome: Christian Rafter, Embracing His Family&#039;s History While Making His Own - Rome City Institute<\/title>\n<meta name=\"robots\" content=\"index, follow, max-snippet:-1, max-image-preview:large, max-video-preview:-1\" \/>\n<link rel=\"canonical\" href=\"https:\/\/www.romecityinstitute.com\/it\/an-italian-american-in-rome-christian-rafter-embracing-his-familys-history-while-making-his-own\/\" \/>\n<meta property=\"og:locale\" content=\"it_IT\" \/>\n<meta property=\"og:type\" content=\"article\" \/>\n<meta property=\"og:title\" content=\"An Italian American in Rome: Christian Rafter, Embracing His Family&#039;s History While Making His Own - Rome City Institute\" \/>\n<meta property=\"og:description\" content=\"Born and raised in South New Jersey, Christian Rafter is a young-man who wears the Italian-American flag of his heritage, proud on his chest. In January of 2022, Christian made the decision to move half-way around the world, to walk in the footsteps of his ancestors, and make a life for himself in Rome. Almost [&hellip;]\" \/>\n<meta property=\"og:url\" content=\"https:\/\/www.romecityinstitute.com\/it\/an-italian-american-in-rome-christian-rafter-embracing-his-familys-history-while-making-his-own\/\" \/>\n<meta property=\"og:site_name\" content=\"Rome City Institute\" \/>\n<meta property=\"article:publisher\" content=\"https:\/\/www.facebook.com\/OfficialRomeCity\" \/>\n<meta property=\"article:published_time\" content=\"2023-12-28T21:05:08+00:00\" \/>\n<meta property=\"og:image\" content=\"https:\/\/www.romecityinstitute.com\/wp-content\/uploads\/2023\/12\/646888bb3df92008970898-1024x731.png\" \/>\n\t<meta property=\"og:image:width\" content=\"1024\" \/>\n\t<meta property=\"og:image:height\" content=\"731\" \/>\n\t<meta property=\"og:image:type\" content=\"image\/png\" \/>\n<meta name=\"author\" content=\"Stefano Radio\" \/>\n<meta name=\"twitter:card\" content=\"summary_large_image\" \/>\n<meta name=\"twitter:creator\" content=\"@RomeCityInst\" \/>\n<meta name=\"twitter:site\" content=\"@RomeCityInst\" \/>\n<meta name=\"twitter:label1\" content=\"Scritto da\" \/>\n\t<meta name=\"twitter:data1\" content=\"Stefano Radio\" \/>\n\t<meta name=\"twitter:label2\" content=\"Tempo di lettura stimato\" \/>\n\t<meta name=\"twitter:data2\" content=\"5 minuti\" \/>\n<script type=\"application\/ld+json\" class=\"yoast-schema-graph\">{\"@context\":\"https:\/\/schema.org\",\"@graph\":[{\"@type\":\"Article\",\"@id\":\"https:\/\/www.romecityinstitute.com\/an-italian-american-in-rome-christian-rafter-embracing-his-familys-history-while-making-his-own\/#article\",\"isPartOf\":{\"@id\":\"https:\/\/www.romecityinstitute.com\/an-italian-american-in-rome-christian-rafter-embracing-his-familys-history-while-making-his-own\/\"},\"author\":{\"name\":\"Stefano Radio\",\"@id\":\"https:\/\/www.romecityinstitute.com\/#\/schema\/person\/d399eaf6594004922e3fb5e1b078e896\"},\"headline\":\"An Italian American in Rome: Christian Rafter, Embracing His Family&#8217;s History While Making His Own\",\"datePublished\":\"2023-12-28T21:05:08+00:00\",\"mainEntityOfPage\":{\"@id\":\"https:\/\/www.romecityinstitute.com\/an-italian-american-in-rome-christian-rafter-embracing-his-familys-history-while-making-his-own\/\"},\"wordCount\":1131,\"publisher\":{\"@id\":\"https:\/\/www.romecityinstitute.com\/#organization\"},\"image\":{\"@id\":\"https:\/\/www.romecityinstitute.com\/an-italian-american-in-rome-christian-rafter-embracing-his-familys-history-while-making-his-own\/#primaryimage\"},\"thumbnailUrl\":\"https:\/\/www.romecityinstitute.com\/wp-content\/uploads\/2023\/12\/646888bb3df92008970898.png\",\"articleSection\":[\"Articoli\"],\"inLanguage\":\"it-IT\"},{\"@type\":\"WebPage\",\"@id\":\"https:\/\/www.romecityinstitute.com\/an-italian-american-in-rome-christian-rafter-embracing-his-familys-history-while-making-his-own\/\",\"url\":\"https:\/\/www.romecityinstitute.com\/an-italian-american-in-rome-christian-rafter-embracing-his-familys-history-while-making-his-own\/\",\"name\":\"An Italian American in Rome: Christian Rafter, Embracing His Family's History While Making His Own - Rome City Institute\",\"isPartOf\":{\"@id\":\"https:\/\/www.romecityinstitute.com\/#website\"},\"primaryImageOfPage\":{\"@id\":\"https:\/\/www.romecityinstitute.com\/an-italian-american-in-rome-christian-rafter-embracing-his-familys-history-while-making-his-own\/#primaryimage\"},\"image\":{\"@id\":\"https:\/\/www.romecityinstitute.com\/an-italian-american-in-rome-christian-rafter-embracing-his-familys-history-while-making-his-own\/#primaryimage\"},\"thumbnailUrl\":\"https:\/\/www.romecityinstitute.com\/wp-content\/uploads\/2023\/12\/646888bb3df92008970898.png\",\"datePublished\":\"2023-12-28T21:05:08+00:00\",\"breadcrumb\":{\"@id\":\"https:\/\/www.romecityinstitute.com\/an-italian-american-in-rome-christian-rafter-embracing-his-familys-history-while-making-his-own\/#breadcrumb\"},\"inLanguage\":\"it-IT\",\"potentialAction\":[{\"@type\":\"ReadAction\",\"target\":[\"https:\/\/www.romecityinstitute.com\/an-italian-american-in-rome-christian-rafter-embracing-his-familys-history-while-making-his-own\/\"]}]},{\"@type\":\"ImageObject\",\"inLanguage\":\"it-IT\",\"@id\":\"https:\/\/www.romecityinstitute.com\/an-italian-american-in-rome-christian-rafter-embracing-his-familys-history-while-making-his-own\/#primaryimage\",\"url\":\"https:\/\/www.romecityinstitute.com\/wp-content\/uploads\/2023\/12\/646888bb3df92008970898.png\",\"contentUrl\":\"https:\/\/www.romecityinstitute.com\/wp-content\/uploads\/2023\/12\/646888bb3df92008970898.png\",\"width\":2018,\"height\":1441},{\"@type\":\"BreadcrumbList\",\"@id\":\"https:\/\/www.romecityinstitute.com\/an-italian-american-in-rome-christian-rafter-embracing-his-familys-history-while-making-his-own\/#breadcrumb\",\"itemListElement\":[{\"@type\":\"ListItem\",\"position\":1,\"name\":\"Home\",\"item\":\"https:\/\/www.romecityinstitute.com\/\"},{\"@type\":\"ListItem\",\"position\":2,\"name\":\"An Italian American in Rome: Christian Rafter, Embracing His Family&#8217;s History While Making His Own\"}]},{\"@type\":\"WebSite\",\"@id\":\"https:\/\/www.romecityinstitute.com\/#website\",\"url\":\"https:\/\/www.romecityinstitute.com\/\",\"name\":\"Rome City Institute\",\"description\":\"\",\"publisher\":{\"@id\":\"https:\/\/www.romecityinstitute.com\/#organization\"},\"potentialAction\":[{\"@type\":\"SearchAction\",\"target\":{\"@type\":\"EntryPoint\",\"urlTemplate\":\"https:\/\/www.romecityinstitute.com\/?s={search_term_string}\"},\"query-input\":{\"@type\":\"PropertyValueSpecification\",\"valueRequired\":true,\"valueName\":\"search_term_string\"}}],\"inLanguage\":\"it-IT\"},{\"@type\":\"Organization\",\"@id\":\"https:\/\/www.romecityinstitute.com\/#organization\",\"name\":\"Rome City Institute\",\"url\":\"https:\/\/www.romecityinstitute.com\/\",\"logo\":{\"@type\":\"ImageObject\",\"inLanguage\":\"it-IT\",\"@id\":\"https:\/\/www.romecityinstitute.com\/#\/schema\/logo\/image\/\",\"url\":\"https:\/\/www.romecityinstitute.com\/wp-content\/uploads\/2022\/11\/ROME_CITY_INSTITUTE_HORIZONTAL_LOGO_POSITIVE_RGB-4.png\",\"contentUrl\":\"https:\/\/www.romecityinstitute.com\/wp-content\/uploads\/2022\/11\/ROME_CITY_INSTITUTE_HORIZONTAL_LOGO_POSITIVE_RGB-4.png\",\"width\":5086,\"height\":1536,\"caption\":\"Rome City Institute\"},\"image\":{\"@id\":\"https:\/\/www.romecityinstitute.com\/#\/schema\/logo\/image\/\"},\"sameAs\":[\"https:\/\/www.facebook.com\/OfficialRomeCity\",\"https:\/\/x.com\/RomeCityInst\",\"https:\/\/www.instagram.com\/romecityinstitute\/\"]},{\"@type\":\"Person\",\"@id\":\"https:\/\/www.romecityinstitute.com\/#\/schema\/person\/d399eaf6594004922e3fb5e1b078e896\",\"name\":\"Stefano Radio\",\"image\":{\"@type\":\"ImageObject\",\"inLanguage\":\"it-IT\",\"@id\":\"https:\/\/www.romecityinstitute.com\/#\/schema\/person\/image\/\",\"url\":\"https:\/\/secure.gravatar.com\/avatar\/be9027045ae87c6305533ca37396ba9bbae0ab13c26f89ff4e152ca4958228dd?s=96&d=mm&r=g\",\"contentUrl\":\"https:\/\/secure.gravatar.com\/avatar\/be9027045ae87c6305533ca37396ba9bbae0ab13c26f89ff4e152ca4958228dd?s=96&d=mm&r=g\",\"caption\":\"Stefano Radio\"}}]}<\/script>\n<!-- \/ Yoast SEO plugin. -->","yoast_head_json":{"title":"Un italoamericano a Roma: Christian Rafter, che abbraccia la storia della sua famiglia e crea la propria - Rome City Institute","robots":{"index":"index","follow":"follow","max-snippet":"max-snippet:-1","max-image-preview":"max-image-preview:large","max-video-preview":"max-video-preview:-1"},"canonical":"https:\/\/www.romecityinstitute.com\/it\/an-italian-american-in-rome-christian-rafter-embracing-his-familys-history-while-making-his-own\/","og_locale":"it_IT","og_type":"article","og_title":"An Italian American in Rome: Christian Rafter, Embracing His Family's History While Making His Own - Rome City Institute","og_description":"Born and raised in South New Jersey, Christian Rafter is a young-man who wears the Italian-American flag of his heritage, proud on his chest. In January of 2022, Christian made the decision to move half-way around the world, to walk in the footsteps of his ancestors, and make a life for himself in Rome. Almost [&hellip;]","og_url":"https:\/\/www.romecityinstitute.com\/it\/an-italian-american-in-rome-christian-rafter-embracing-his-familys-history-while-making-his-own\/","og_site_name":"Rome City Institute","article_publisher":"https:\/\/www.facebook.com\/OfficialRomeCity","article_published_time":"2023-12-28T21:05:08+00:00","og_image":[{"width":1024,"height":731,"url":"https:\/\/www.romecityinstitute.com\/wp-content\/uploads\/2023\/12\/646888bb3df92008970898-1024x731.png","type":"image\/png"}],"author":"Stefano Radio","twitter_card":"summary_large_image","twitter_creator":"@RomeCityInst","twitter_site":"@RomeCityInst","twitter_misc":{"Scritto da":"Stefano Radio","Tempo di lettura stimato":"5 minuti"},"schema":{"@context":"https:\/\/schema.org","@graph":[{"@type":"Article","@id":"https:\/\/www.romecityinstitute.com\/an-italian-american-in-rome-christian-rafter-embracing-his-familys-history-while-making-his-own\/#article","isPartOf":{"@id":"https:\/\/www.romecityinstitute.com\/an-italian-american-in-rome-christian-rafter-embracing-his-familys-history-while-making-his-own\/"},"author":{"name":"Stefano Radio","@id":"https:\/\/www.romecityinstitute.com\/#\/schema\/person\/d399eaf6594004922e3fb5e1b078e896"},"headline":"An Italian American in Rome: Christian Rafter, Embracing His Family&#8217;s History While Making His Own","datePublished":"2023-12-28T21:05:08+00:00","mainEntityOfPage":{"@id":"https:\/\/www.romecityinstitute.com\/an-italian-american-in-rome-christian-rafter-embracing-his-familys-history-while-making-his-own\/"},"wordCount":1131,"publisher":{"@id":"https:\/\/www.romecityinstitute.com\/#organization"},"image":{"@id":"https:\/\/www.romecityinstitute.com\/an-italian-american-in-rome-christian-rafter-embracing-his-familys-history-while-making-his-own\/#primaryimage"},"thumbnailUrl":"https:\/\/www.romecityinstitute.com\/wp-content\/uploads\/2023\/12\/646888bb3df92008970898.png","articleSection":["Articoli"],"inLanguage":"it-IT"},{"@type":"WebPage","@id":"https:\/\/www.romecityinstitute.com\/an-italian-american-in-rome-christian-rafter-embracing-his-familys-history-while-making-his-own\/","url":"https:\/\/www.romecityinstitute.com\/an-italian-american-in-rome-christian-rafter-embracing-his-familys-history-while-making-his-own\/","name":"Un italoamericano a Roma: Christian Rafter, che abbraccia la storia della sua famiglia e crea la propria - Rome City Institute","isPartOf":{"@id":"https:\/\/www.romecityinstitute.com\/#website"},"primaryImageOfPage":{"@id":"https:\/\/www.romecityinstitute.com\/an-italian-american-in-rome-christian-rafter-embracing-his-familys-history-while-making-his-own\/#primaryimage"},"image":{"@id":"https:\/\/www.romecityinstitute.com\/an-italian-american-in-rome-christian-rafter-embracing-his-familys-history-while-making-his-own\/#primaryimage"},"thumbnailUrl":"https:\/\/www.romecityinstitute.com\/wp-content\/uploads\/2023\/12\/646888bb3df92008970898.png","datePublished":"2023-12-28T21:05:08+00:00","breadcrumb":{"@id":"https:\/\/www.romecityinstitute.com\/an-italian-american-in-rome-christian-rafter-embracing-his-familys-history-while-making-his-own\/#breadcrumb"},"inLanguage":"it-IT","potentialAction":[{"@type":"ReadAction","target":["https:\/\/www.romecityinstitute.com\/an-italian-american-in-rome-christian-rafter-embracing-his-familys-history-while-making-his-own\/"]}]},{"@type":"ImageObject","inLanguage":"it-IT","@id":"https:\/\/www.romecityinstitute.com\/an-italian-american-in-rome-christian-rafter-embracing-his-familys-history-while-making-his-own\/#primaryimage","url":"https:\/\/www.romecityinstitute.com\/wp-content\/uploads\/2023\/12\/646888bb3df92008970898.png","contentUrl":"https:\/\/www.romecityinstitute.com\/wp-content\/uploads\/2023\/12\/646888bb3df92008970898.png","width":2018,"height":1441},{"@type":"BreadcrumbList","@id":"https:\/\/www.romecityinstitute.com\/an-italian-american-in-rome-christian-rafter-embracing-his-familys-history-while-making-his-own\/#breadcrumb","itemListElement":[{"@type":"ListItem","position":1,"name":"Home","item":"https:\/\/www.romecityinstitute.com\/"},{"@type":"ListItem","position":2,"name":"An Italian American in Rome: Christian Rafter, Embracing His Family&#8217;s History While Making His Own"}]},{"@type":"WebSite","@id":"https:\/\/www.romecityinstitute.com\/#website","url":"https:\/\/www.romecityinstitute.com\/","name":"Rome City Institute","description":"","publisher":{"@id":"https:\/\/www.romecityinstitute.com\/#organization"},"potentialAction":[{"@type":"SearchAction","target":{"@type":"EntryPoint","urlTemplate":"https:\/\/www.romecityinstitute.com\/?s={search_term_string}"},"query-input":{"@type":"PropertyValueSpecification","valueRequired":true,"valueName":"search_term_string"}}],"inLanguage":"it-IT"},{"@type":"Organization","@id":"https:\/\/www.romecityinstitute.com\/#organization","name":"Rome City Institute","url":"https:\/\/www.romecityinstitute.com\/","logo":{"@type":"ImageObject","inLanguage":"it-IT","@id":"https:\/\/www.romecityinstitute.com\/#\/schema\/logo\/image\/","url":"https:\/\/www.romecityinstitute.com\/wp-content\/uploads\/2022\/11\/ROME_CITY_INSTITUTE_HORIZONTAL_LOGO_POSITIVE_RGB-4.png","contentUrl":"https:\/\/www.romecityinstitute.com\/wp-content\/uploads\/2022\/11\/ROME_CITY_INSTITUTE_HORIZONTAL_LOGO_POSITIVE_RGB-4.png","width":5086,"height":1536,"caption":"Rome City Institute"},"image":{"@id":"https:\/\/www.romecityinstitute.com\/#\/schema\/logo\/image\/"},"sameAs":["https:\/\/www.facebook.com\/OfficialRomeCity","https:\/\/x.com\/RomeCityInst","https:\/\/www.instagram.com\/romecityinstitute\/"]},{"@type":"Person","@id":"https:\/\/www.romecityinstitute.com\/#\/schema\/person\/d399eaf6594004922e3fb5e1b078e896","name":"Stefano Radio","image":{"@type":"ImageObject","inLanguage":"it-IT","@id":"https:\/\/www.romecityinstitute.com\/#\/schema\/person\/image\/","url":"https:\/\/secure.gravatar.com\/avatar\/be9027045ae87c6305533ca37396ba9bbae0ab13c26f89ff4e152ca4958228dd?s=96&d=mm&r=g","contentUrl":"https:\/\/secure.gravatar.com\/avatar\/be9027045ae87c6305533ca37396ba9bbae0ab13c26f89ff4e152ca4958228dd?s=96&d=mm&r=g","caption":"Stefano Radio"}}]}},"_links":{"self":[{"href":"https:\/\/www.romecityinstitute.com\/it\/wp-json\/wp\/v2\/posts\/85812","targetHints":{"allow":["GET"]}}],"collection":[{"href":"https:\/\/www.romecityinstitute.com\/it\/wp-json\/wp\/v2\/posts"}],"about":[{"href":"https:\/\/www.romecityinstitute.com\/it\/wp-json\/wp\/v2\/types\/post"}],"author":[{"embeddable":true,"href":"https:\/\/www.romecityinstitute.com\/it\/wp-json\/wp\/v2\/users\/13"}],"replies":[{"embeddable":true,"href":"https:\/\/www.romecityinstitute.com\/it\/wp-json\/wp\/v2\/comments?post=85812"}],"version-history":[{"count":1,"href":"https:\/\/www.romecityinstitute.com\/it\/wp-json\/wp\/v2\/posts\/85812\/revisions"}],"predecessor-version":[{"id":85814,"href":"https:\/\/www.romecityinstitute.com\/it\/wp-json\/wp\/v2\/posts\/85812\/revisions\/85814"}],"wp:featuredmedia":[{"embeddable":true,"href":"https:\/\/www.romecityinstitute.com\/it\/wp-json\/wp\/v2\/media\/85813"}],"wp:attachment":[{"href":"https:\/\/www.romecityinstitute.com\/it\/wp-json\/wp\/v2\/media?parent=85812"}],"wp:term":[{"taxonomy":"category","embeddable":true,"href":"https:\/\/www.romecityinstitute.com\/it\/wp-json\/wp\/v2\/categories?post=85812"},{"taxonomy":"post_tag","embeddable":true,"href":"https:\/\/www.romecityinstitute.com\/it\/wp-json\/wp\/v2\/tags?post=85812"}],"curies":[{"name":"wp","href":"https:\/\/api.w.org\/{rel}","templated":true}]}}