{"id":85803,"date":"2023-12-28T21:49:08","date_gmt":"2023-12-28T20:49:08","guid":{"rendered":"https:\/\/www.romecityinstitute.com\/?p=85803"},"modified":"2023-12-28T21:49:08","modified_gmt":"2023-12-28T20:49:08","slug":"an-italian-american-in-rome-like-father-like-son-carrying-on-the-mariottini-name","status":"publish","type":"post","link":"https:\/\/www.romecityinstitute.com\/it\/an-italian-american-in-rome-like-father-like-son-carrying-on-the-mariottini-name\/","title":{"rendered":"Un italoamericano a Roma: tale padre tale figlio, portando avanti il nome Mariottini"},"content":{"rendered":"<p>Nell&#039;edizione di questo mese di &quot;Un italoamericano a Roma&quot;, faremo qualcosa di un po&#039; diverso. In questo articolo, parler\u00f2 di me. Mi chiamo Rob Mariottini e sono l&#039;autore di tutte le precedenti pubblicazioni di questa serie.<\/p>\n<p>Di solito mi immergo nella storia degli studenti-atleti che studiano al Rome City Institute e delle loro origini italoamericane che li hanno portati a questo punto della loro vita. Tuttavia, anch&#039;io sono italoamericano e credo sia giunto il momento di raccontare la mia storia, quella di come sono diventato americano in Italia.<\/p>\n<p>Sono nato e cresciuto nella contea di Westchester, New York, in una cittadina chiamata New Rochelle, circa 32 km a nord di New York. Essere newyorkese \u00e8 sempre stato un punto fermo della mia identit\u00e0, e l&#039;influenza di &quot;New Ro&quot; \u00e8 ancora viva in me oggi. Eppure, nonostante sia cresciuto a oltre 6500 km da Roma, la sensazione di essere italiano, e in particolare romano, pulsa nelle mie vene dal momento in cui il mio cuore ha iniziato a battere. Nello specifico, pulsava di rosso e giallo.<\/p>\n<p>Tutto \u00e8 iniziato con i miei genitori. Anche mia madre, Susan Davis, \u00e8 newyorkese, nata e cresciuta a Westchester, mentre mio padre \u00e8 il luogo da cui provengono le mie origini straniere. Mio padre, Domenico &quot;Mimmo&quot; Mariottini, \u00e8 nato a Roma, nel quartiere Prati, proprio accanto alle mura vaticane. Per quanto si possa ricordare, la famiglia Mariottini era romana fino al midollo. Alla giovane et\u00e0 di 23 anni, mio padre prese la difficile decisione di lasciare la sua famiglia e la sua vita a Roma per avventurarsi negli Stati Uniti, alla ricerca personale del &quot;sogno americano&quot;.<\/p>\n<p>Dopo aver trascorso un po&#039; di tempo a New York, lavorando e vivendo con altri italiani che si erano trasferiti in America in quel periodo, i miei genitori si incontrarono per caso in una famosa panetteria italiana chiamata &quot;Ferrara&quot;, dove mio padre lavorava all&#039;epoca. Il resto \u00e8 storia. Si sposarono e ebbero due figli, mia sorella maggiore Deborah Mariottini e io, costruendo insieme una splendida vita a New York. Poich\u00e9 mio padre \u00e8 riuscito a mantenere la cittadinanza italiana pur ottenendo la doppia cittadinanza negli Stati Uniti, sia mia sorella che io siamo cittadini italiani.<\/p>\n<p>Sebbene mio padre non sia mai tornato a Roma a tempo pieno, ha mantenuto vive molte delle sue tradizioni italiane, una su tutte: il suo amore per l&#039;AS Roma. Fin da quando ha visitato lo Stadio Olimpico per la prima volta da bambino, mio padre \u00e8 stato un convinto romanista, diventando addirittura abbonato per alcuni anni tra la fine degli anni &#039;70 e l&#039;inizio degli anni &#039;80. Ha visto la squadra attraversare alti e bassi, osservando molte leggende come Burno Conti e Carlo Ancelotti giocare per il club. Quando si \u00e8 trasferito a New York, ha fatto tutto il possibile per continuare a seguire l&#039;AS Roma. Veniva spesso a Roma per vedere la sua famiglia e per assistere ad alcune partite della Roma. Incredibilmente, era allo Stadio Olimpico per la meravigliosa partita del 2001 in cui la Roma ha battuto il Parma per tre a uno, conquistando il suo terzo scudetto di sempre.<\/p>\n<p>Si \u00e8 assicurato che il suo amore per la squadra non diminuisse e, attraverso tutto questo, l&#039;amore e la passione sono stati trasmessi a me.<\/p>\n<p>Fin dalla nascita, ero destinato a essere un romanista. Riguardando vecchie foto, trovo sempre immagini di me da bambino con la maglia della Roma di mio padre.<\/p>\n<p>Ovunque andassi o facessi qualcosa da bambino, avevo quasi la certezza di indossare con orgoglio i colori rosso e giallo. Col passare del tempo e delle stagioni, il mio amore per il calcio e per l&#039;AS Roma non ha fatto che crescere.<\/p>\n<p>Anche se al giorno d&#039;oggi questo potrebbe non sembrare poi cos\u00ec insolito, all&#039;inizio degli anni 2000 il calcio negli Stati Uniti non era un&#039;ossessione cos\u00ec comune per un giovane americano. Certo, molti ragazzi giocavano a calcio a livello amatoriale, ma pochi continuavano a praticarlo, n\u00e9 seguivano il mondo del calcio europeo. Ma io ero un&#039;eccezione. Vivevo e respiravo questo sport.<\/p>\n<p>Mentre molti dei miei amici giocavano a Little League Baseball d&#039;estate, o guardavano la NFL la domenica con il padre, io guardavo la RAI alle 9 del mattino con mio padre per riuscire anche solo a intravedere un gol della Roma. All&#039;epoca non esisteva la possibilit\u00e0 di guardare tutte le partite in streaming, quindi qualsiasi partita di Serie A fosse trasmessa, era quella che guardavamo noi. Se non guardavo, tiravo calci di punizione nel mio giardino. Non ero all&#039;aperto, passavo innumerevoli ore nella modalit\u00e0 Carriera di FIFA segnando centinaia di gol con Francesco Totti, il simbolo della squadra che amavo cos\u00ec tanto. Nel 2003 siamo andati a Roma in famiglia, dove ho potuto conoscere mio zio e la famiglia allargata, un&#039;esperienza meravigliosa, ma ci\u00f2 che ricordo di pi\u00f9 \u00e8 stata la fortuna di visitare Trigoria (il campo di allenamento dell&#039;AS Roma) e di incontrare alcuni dei giocatori. Quelle foto sono ancora oggi tra i miei ricordi pi\u00f9 cari.<\/p>\n<p>Per me, il mio legame con Roma \u00e8 stato anche il legame pi\u00f9 forte con le mie origini italiane. Sebbene ci siano tanti aspetti dell&#039;essere italiano che amo, ho amato anche le mie origini americane. Essendo cresciuto a New York, sono stato esposto a cos\u00ec tante culture e tradizioni di cui vado molto fiero.<\/p>\n<p>Per tutta la mia vita, il calcio \u00e8 stato il ricordo pi\u00f9 costante del passato di mio padre e non avrei potuto desiderare diversamente.<\/p>\n<p>Pur tifando da lontano, ho sempre sognato di riportare un giorno il nome Mariottini allo Stadio Olimpico e di diventare un abbonato della Roma, proprio come lo era mio padre tanti anni fa. Nel 2021, quel sogno \u00e8 diventato realt\u00e0.<\/p>\n<p>Due anni dopo la laurea alla Binghamton University, cercavo un cambio di rotta. Dopo aver cercato diverse opportunit\u00e0 in tutta Italia, ho trovato il Rome City Institute, l&#039;istituzione che mi ha cambiato la vita.<\/p>\n<p>Poco dopo aver scoperto di pi\u00f9 sulla scuola, ho capito che era la scelta perfetta per me. Tuttavia, all&#039;epoca l&#039;universit\u00e0 era pensata per studenti-atleti. Sebbene fossi un calciatore durante i miei anni di formazione, non giocavo da quasi 5 anni. Eppure, dopo alcune discussioni con il team di reclutamento, mi \u00e8 stata offerta la possibilit\u00e0 di frequentare l&#039;istituto come assistente laureato, poich\u00e9 avrei conseguito un Master in Management dello Sport, un ambito che mi aveva sempre interessato molto.<\/p>\n<p>Solo al mio secondo giorno a Roma, la Roma ha giocato la sua prima partita stagionale contro la Fiorentina, e per fortuna sono riuscito ad accaparrarmi l&#039;abbonamento che tanto sognavo. Sebbene fossi gi\u00e0 stato a due partite della Roma allo Stadio Olimpico, quelle esperienze le avevo vissute da viaggiatore. Ora, per la prima volta, avrei assistito alla partita avendo Roma come casa.<\/p>\n<p>Dal momento in cui sono entrato allo Stadio Olimpico, ho avuto i brividi. Per la prima volta nella mia vita, facevo parte di un gruppo di romanisti che hanno a cuore questo club e questi colori tanto quanto me. Non era pi\u00f9 qualcosa che vivevo solo con mio padre, ma era qualcosa di pi\u00f9 grande. Era una comunit\u00e0. Ho provato un orgoglio mai provato prima.<\/p>\n<p>A dire il vero, assistere alle partite della Roma non \u00e8 stato l&#039;unico momento clou del mio primo anno a Roma. Il mio periodo al Rome City \u00e8 stato davvero straordinario. Ho potuto incontrare persone incredibili nel mondo dello sport professionistico, stringere amicizie incredibili con persone provenienti da tutto il mondo (Brasile, America, Germania, solo per citarne alcune) e studiare lo sport a un livello completamente nuovo. Non pass\u00f2 molto tempo prima che capissi di aver trovato la mia vocazione.<\/p>\n<p>Dopo aver concluso il mio anno da studente e conseguito la laurea, sono felice di annunciare che mi \u00e8 stato offerto un ruolo nel team Marketing e Media del Rome City Institute.<\/p>\n<p>Nell&#039;ultimo anno ho lavorato per mostrare i momenti incredibili che io e tanti altri abbiamo trascorso, realizzando video per i social media, ottenendo interazioni sul nostro sito web e, fortunatamente, scrivendo articoli per We The Italians.<\/p>\n<p>Mentre scrivo questo articolo, sto entrando nel mio terzo anno intero di vita a Roma. Ho avuto la fortuna di poter visitare New York durante le vacanze scolastiche e, anche se \u00e8 difficile dire addio ogni volta che lascio New York, nel momento in cui metto piede a Roma, il romano che \u00e8 in me non pu\u00f2 fare a meno di sentirsi grato.<\/p>\n<p>Sono grato che il mio amore e la mia passione per questa squadra della Roma, una &quot;scelta casuale&quot; che mio padre apprezzava perch\u00e9 era romano, mi abbiano mantenuto cos\u00ec legato alle mie origini italiane e mi abbiano portato fin qui, ben oltre il semplice amore per la squadra e per lo sport. Non fraintendetemi, amo profondamente le mie origini americane, soprattutto il lato newyorkese che \u00e8 in me. Questo mi ha reso quello che sono oggi, e sono altrettanto grato per l&#039;opportunit\u00e0 che ho avuto di crescere dove sono cresciuto.<\/p>\n<p>Tuttavia, questa \u00e8 solo met\u00e0 della mia storia. Per l&#039;altra met\u00e0, sar\u00f2 eternamente grato a mio padre per aver intrapreso un viaggio incredibilmente difficile per lasciare la sua casa. 37 anni dopo, ho percorso la strada opposta. Provo un immenso orgoglio per i colori rosso, bianco e verde della bandiera italiana, perch\u00e9 ho riportato in Italia il sangue di mio padre Mariottini, con un cuore che sar\u00e0 per sempre e per sempre pieno del rosso e del giallo dei colori giallorossi.<\/p>","protected":false},"excerpt":{"rendered":"<p>Nell&#039;edizione di questo mese di &quot;Un italoamericano a Roma&quot;, faremo qualcosa di un po&#039; diverso. In questo articolo, parler\u00f2 di me. Mi chiamo Rob Mariottini e sono l&#039;autore di tutte le precedenti pubblicazioni di questa serie. Di solito mi immerger\u00f2 in [...]<\/p>","protected":false},"author":13,"featured_media":85804,"comment_status":"closed","ping_status":"closed","sticky":false,"template":"","format":"standard","meta":{"_acf_changed":false,"_monsterinsights_skip_tracking":false,"_monsterinsights_sitenote_active":false,"_monsterinsights_sitenote_note":"","_monsterinsights_sitenote_category":0,"footnotes":""},"categories":[1],"tags":[],"class_list":["post-85803","post","type-post","status-publish","format-standard","has-post-thumbnail","hentry","category-articoli"],"acf":[],"yoast_head":"<!-- This site is optimized with the Yoast SEO plugin v26.5 - https:\/\/yoast.com\/wordpress\/plugins\/seo\/ -->\n<title>An Italian American in Rome: Like Father like Son, Carrying on the Mariottini Name - Rome City Institute<\/title>\n<meta name=\"robots\" content=\"index, follow, max-snippet:-1, max-image-preview:large, max-video-preview:-1\" \/>\n<link rel=\"canonical\" href=\"https:\/\/www.romecityinstitute.com\/it\/an-italian-american-in-rome-like-father-like-son-carrying-on-the-mariottini-name\/\" \/>\n<meta property=\"og:locale\" content=\"it_IT\" \/>\n<meta property=\"og:type\" content=\"article\" \/>\n<meta property=\"og:title\" content=\"An Italian American in Rome: Like Father like Son, Carrying on the Mariottini Name - Rome City Institute\" \/>\n<meta property=\"og:description\" content=\"In this month\u2019s edition of \u201cAn Italian American in Rome\u201d, we\u2019re going to do something a little bit different. For this article, I am going to be writing about myself. My name is Rob Mariottini and I have been the author of all of the previous publications of this series. Typically I will dive into [&hellip;]\" \/>\n<meta property=\"og:url\" content=\"https:\/\/www.romecityinstitute.com\/it\/an-italian-american-in-rome-like-father-like-son-carrying-on-the-mariottini-name\/\" \/>\n<meta property=\"og:site_name\" content=\"Rome City Institute\" \/>\n<meta property=\"article:publisher\" content=\"https:\/\/www.facebook.com\/OfficialRomeCity\" \/>\n<meta property=\"article:published_time\" content=\"2023-12-28T20:49:08+00:00\" \/>\n<meta property=\"og:image\" content=\"https:\/\/www.romecityinstitute.com\/wp-content\/uploads\/2023\/12\/rob.jpeg\" \/>\n\t<meta property=\"og:image:width\" content=\"1062\" \/>\n\t<meta property=\"og:image:height\" content=\"759\" \/>\n\t<meta property=\"og:image:type\" content=\"image\/jpeg\" \/>\n<meta name=\"author\" content=\"Stefano Radio\" \/>\n<meta name=\"twitter:card\" content=\"summary_large_image\" \/>\n<meta name=\"twitter:creator\" content=\"@RomeCityInst\" \/>\n<meta name=\"twitter:site\" content=\"@RomeCityInst\" \/>\n<meta name=\"twitter:label1\" content=\"Scritto da\" \/>\n\t<meta name=\"twitter:data1\" content=\"Stefano Radio\" \/>\n\t<meta name=\"twitter:label2\" content=\"Tempo di lettura stimato\" \/>\n\t<meta name=\"twitter:data2\" content=\"8 minuti\" \/>\n<script type=\"application\/ld+json\" class=\"yoast-schema-graph\">{\"@context\":\"https:\/\/schema.org\",\"@graph\":[{\"@type\":\"Article\",\"@id\":\"https:\/\/www.romecityinstitute.com\/an-italian-american-in-rome-like-father-like-son-carrying-on-the-mariottini-name\/#article\",\"isPartOf\":{\"@id\":\"https:\/\/www.romecityinstitute.com\/an-italian-american-in-rome-like-father-like-son-carrying-on-the-mariottini-name\/\"},\"author\":{\"name\":\"Stefano Radio\",\"@id\":\"https:\/\/www.romecityinstitute.com\/#\/schema\/person\/d399eaf6594004922e3fb5e1b078e896\"},\"headline\":\"An Italian American in Rome: Like Father like Son, Carrying on the Mariottini Name\",\"datePublished\":\"2023-12-28T20:49:08+00:00\",\"mainEntityOfPage\":{\"@id\":\"https:\/\/www.romecityinstitute.com\/an-italian-american-in-rome-like-father-like-son-carrying-on-the-mariottini-name\/\"},\"wordCount\":1666,\"publisher\":{\"@id\":\"https:\/\/www.romecityinstitute.com\/#organization\"},\"image\":{\"@id\":\"https:\/\/www.romecityinstitute.com\/an-italian-american-in-rome-like-father-like-son-carrying-on-the-mariottini-name\/#primaryimage\"},\"thumbnailUrl\":\"https:\/\/www.romecityinstitute.com\/wp-content\/uploads\/2023\/12\/rob.jpeg\",\"articleSection\":[\"Articoli\"],\"inLanguage\":\"it-IT\"},{\"@type\":\"WebPage\",\"@id\":\"https:\/\/www.romecityinstitute.com\/an-italian-american-in-rome-like-father-like-son-carrying-on-the-mariottini-name\/\",\"url\":\"https:\/\/www.romecityinstitute.com\/an-italian-american-in-rome-like-father-like-son-carrying-on-the-mariottini-name\/\",\"name\":\"An Italian American in Rome: Like Father like Son, Carrying on the Mariottini Name - Rome City Institute\",\"isPartOf\":{\"@id\":\"https:\/\/www.romecityinstitute.com\/#website\"},\"primaryImageOfPage\":{\"@id\":\"https:\/\/www.romecityinstitute.com\/an-italian-american-in-rome-like-father-like-son-carrying-on-the-mariottini-name\/#primaryimage\"},\"image\":{\"@id\":\"https:\/\/www.romecityinstitute.com\/an-italian-american-in-rome-like-father-like-son-carrying-on-the-mariottini-name\/#primaryimage\"},\"thumbnailUrl\":\"https:\/\/www.romecityinstitute.com\/wp-content\/uploads\/2023\/12\/rob.jpeg\",\"datePublished\":\"2023-12-28T20:49:08+00:00\",\"breadcrumb\":{\"@id\":\"https:\/\/www.romecityinstitute.com\/an-italian-american-in-rome-like-father-like-son-carrying-on-the-mariottini-name\/#breadcrumb\"},\"inLanguage\":\"it-IT\",\"potentialAction\":[{\"@type\":\"ReadAction\",\"target\":[\"https:\/\/www.romecityinstitute.com\/an-italian-american-in-rome-like-father-like-son-carrying-on-the-mariottini-name\/\"]}]},{\"@type\":\"ImageObject\",\"inLanguage\":\"it-IT\",\"@id\":\"https:\/\/www.romecityinstitute.com\/an-italian-american-in-rome-like-father-like-son-carrying-on-the-mariottini-name\/#primaryimage\",\"url\":\"https:\/\/www.romecityinstitute.com\/wp-content\/uploads\/2023\/12\/rob.jpeg\",\"contentUrl\":\"https:\/\/www.romecityinstitute.com\/wp-content\/uploads\/2023\/12\/rob.jpeg\",\"width\":1062,\"height\":759},{\"@type\":\"BreadcrumbList\",\"@id\":\"https:\/\/www.romecityinstitute.com\/an-italian-american-in-rome-like-father-like-son-carrying-on-the-mariottini-name\/#breadcrumb\",\"itemListElement\":[{\"@type\":\"ListItem\",\"position\":1,\"name\":\"Home\",\"item\":\"https:\/\/www.romecityinstitute.com\/\"},{\"@type\":\"ListItem\",\"position\":2,\"name\":\"An Italian American in Rome: Like Father like Son, Carrying on the Mariottini Name\"}]},{\"@type\":\"WebSite\",\"@id\":\"https:\/\/www.romecityinstitute.com\/#website\",\"url\":\"https:\/\/www.romecityinstitute.com\/\",\"name\":\"Rome City Institute\",\"description\":\"\",\"publisher\":{\"@id\":\"https:\/\/www.romecityinstitute.com\/#organization\"},\"potentialAction\":[{\"@type\":\"SearchAction\",\"target\":{\"@type\":\"EntryPoint\",\"urlTemplate\":\"https:\/\/www.romecityinstitute.com\/?s={search_term_string}\"},\"query-input\":{\"@type\":\"PropertyValueSpecification\",\"valueRequired\":true,\"valueName\":\"search_term_string\"}}],\"inLanguage\":\"it-IT\"},{\"@type\":\"Organization\",\"@id\":\"https:\/\/www.romecityinstitute.com\/#organization\",\"name\":\"Rome City Institute\",\"url\":\"https:\/\/www.romecityinstitute.com\/\",\"logo\":{\"@type\":\"ImageObject\",\"inLanguage\":\"it-IT\",\"@id\":\"https:\/\/www.romecityinstitute.com\/#\/schema\/logo\/image\/\",\"url\":\"https:\/\/www.romecityinstitute.com\/wp-content\/uploads\/2022\/11\/ROME_CITY_INSTITUTE_HORIZONTAL_LOGO_POSITIVE_RGB-4.png\",\"contentUrl\":\"https:\/\/www.romecityinstitute.com\/wp-content\/uploads\/2022\/11\/ROME_CITY_INSTITUTE_HORIZONTAL_LOGO_POSITIVE_RGB-4.png\",\"width\":5086,\"height\":1536,\"caption\":\"Rome City Institute\"},\"image\":{\"@id\":\"https:\/\/www.romecityinstitute.com\/#\/schema\/logo\/image\/\"},\"sameAs\":[\"https:\/\/www.facebook.com\/OfficialRomeCity\",\"https:\/\/x.com\/RomeCityInst\",\"https:\/\/www.instagram.com\/romecityinstitute\/\"]},{\"@type\":\"Person\",\"@id\":\"https:\/\/www.romecityinstitute.com\/#\/schema\/person\/d399eaf6594004922e3fb5e1b078e896\",\"name\":\"Stefano Radio\",\"image\":{\"@type\":\"ImageObject\",\"inLanguage\":\"it-IT\",\"@id\":\"https:\/\/www.romecityinstitute.com\/#\/schema\/person\/image\/\",\"url\":\"https:\/\/secure.gravatar.com\/avatar\/be9027045ae87c6305533ca37396ba9bbae0ab13c26f89ff4e152ca4958228dd?s=96&d=mm&r=g\",\"contentUrl\":\"https:\/\/secure.gravatar.com\/avatar\/be9027045ae87c6305533ca37396ba9bbae0ab13c26f89ff4e152ca4958228dd?s=96&d=mm&r=g\",\"caption\":\"Stefano Radio\"}}]}<\/script>\n<!-- \/ Yoast SEO plugin. -->","yoast_head_json":{"title":"Un italoamericano a Roma: tale padre tale figlio, portando avanti il nome Mariottini - Rome City Institute","robots":{"index":"index","follow":"follow","max-snippet":"max-snippet:-1","max-image-preview":"max-image-preview:large","max-video-preview":"max-video-preview:-1"},"canonical":"https:\/\/www.romecityinstitute.com\/it\/an-italian-american-in-rome-like-father-like-son-carrying-on-the-mariottini-name\/","og_locale":"it_IT","og_type":"article","og_title":"An Italian American in Rome: Like Father like Son, Carrying on the Mariottini Name - Rome City Institute","og_description":"In this month\u2019s edition of \u201cAn Italian American in Rome\u201d, we\u2019re going to do something a little bit different. For this article, I am going to be writing about myself. My name is Rob Mariottini and I have been the author of all of the previous publications of this series. Typically I will dive into [&hellip;]","og_url":"https:\/\/www.romecityinstitute.com\/it\/an-italian-american-in-rome-like-father-like-son-carrying-on-the-mariottini-name\/","og_site_name":"Rome City Institute","article_publisher":"https:\/\/www.facebook.com\/OfficialRomeCity","article_published_time":"2023-12-28T20:49:08+00:00","og_image":[{"width":1062,"height":759,"url":"https:\/\/www.romecityinstitute.com\/wp-content\/uploads\/2023\/12\/rob.jpeg","type":"image\/jpeg"}],"author":"Stefano Radio","twitter_card":"summary_large_image","twitter_creator":"@RomeCityInst","twitter_site":"@RomeCityInst","twitter_misc":{"Scritto da":"Stefano Radio","Tempo di lettura stimato":"8 minuti"},"schema":{"@context":"https:\/\/schema.org","@graph":[{"@type":"Article","@id":"https:\/\/www.romecityinstitute.com\/an-italian-american-in-rome-like-father-like-son-carrying-on-the-mariottini-name\/#article","isPartOf":{"@id":"https:\/\/www.romecityinstitute.com\/an-italian-american-in-rome-like-father-like-son-carrying-on-the-mariottini-name\/"},"author":{"name":"Stefano Radio","@id":"https:\/\/www.romecityinstitute.com\/#\/schema\/person\/d399eaf6594004922e3fb5e1b078e896"},"headline":"An Italian American in Rome: Like Father like Son, Carrying on the Mariottini Name","datePublished":"2023-12-28T20:49:08+00:00","mainEntityOfPage":{"@id":"https:\/\/www.romecityinstitute.com\/an-italian-american-in-rome-like-father-like-son-carrying-on-the-mariottini-name\/"},"wordCount":1666,"publisher":{"@id":"https:\/\/www.romecityinstitute.com\/#organization"},"image":{"@id":"https:\/\/www.romecityinstitute.com\/an-italian-american-in-rome-like-father-like-son-carrying-on-the-mariottini-name\/#primaryimage"},"thumbnailUrl":"https:\/\/www.romecityinstitute.com\/wp-content\/uploads\/2023\/12\/rob.jpeg","articleSection":["Articoli"],"inLanguage":"it-IT"},{"@type":"WebPage","@id":"https:\/\/www.romecityinstitute.com\/an-italian-american-in-rome-like-father-like-son-carrying-on-the-mariottini-name\/","url":"https:\/\/www.romecityinstitute.com\/an-italian-american-in-rome-like-father-like-son-carrying-on-the-mariottini-name\/","name":"Un italoamericano a Roma: tale padre tale figlio, portando avanti il nome Mariottini - Rome City Institute","isPartOf":{"@id":"https:\/\/www.romecityinstitute.com\/#website"},"primaryImageOfPage":{"@id":"https:\/\/www.romecityinstitute.com\/an-italian-american-in-rome-like-father-like-son-carrying-on-the-mariottini-name\/#primaryimage"},"image":{"@id":"https:\/\/www.romecityinstitute.com\/an-italian-american-in-rome-like-father-like-son-carrying-on-the-mariottini-name\/#primaryimage"},"thumbnailUrl":"https:\/\/www.romecityinstitute.com\/wp-content\/uploads\/2023\/12\/rob.jpeg","datePublished":"2023-12-28T20:49:08+00:00","breadcrumb":{"@id":"https:\/\/www.romecityinstitute.com\/an-italian-american-in-rome-like-father-like-son-carrying-on-the-mariottini-name\/#breadcrumb"},"inLanguage":"it-IT","potentialAction":[{"@type":"ReadAction","target":["https:\/\/www.romecityinstitute.com\/an-italian-american-in-rome-like-father-like-son-carrying-on-the-mariottini-name\/"]}]},{"@type":"ImageObject","inLanguage":"it-IT","@id":"https:\/\/www.romecityinstitute.com\/an-italian-american-in-rome-like-father-like-son-carrying-on-the-mariottini-name\/#primaryimage","url":"https:\/\/www.romecityinstitute.com\/wp-content\/uploads\/2023\/12\/rob.jpeg","contentUrl":"https:\/\/www.romecityinstitute.com\/wp-content\/uploads\/2023\/12\/rob.jpeg","width":1062,"height":759},{"@type":"BreadcrumbList","@id":"https:\/\/www.romecityinstitute.com\/an-italian-american-in-rome-like-father-like-son-carrying-on-the-mariottini-name\/#breadcrumb","itemListElement":[{"@type":"ListItem","position":1,"name":"Home","item":"https:\/\/www.romecityinstitute.com\/"},{"@type":"ListItem","position":2,"name":"An Italian American in Rome: Like Father like Son, Carrying on the Mariottini Name"}]},{"@type":"WebSite","@id":"https:\/\/www.romecityinstitute.com\/#website","url":"https:\/\/www.romecityinstitute.com\/","name":"Rome City Institute","description":"","publisher":{"@id":"https:\/\/www.romecityinstitute.com\/#organization"},"potentialAction":[{"@type":"SearchAction","target":{"@type":"EntryPoint","urlTemplate":"https:\/\/www.romecityinstitute.com\/?s={search_term_string}"},"query-input":{"@type":"PropertyValueSpecification","valueRequired":true,"valueName":"search_term_string"}}],"inLanguage":"it-IT"},{"@type":"Organization","@id":"https:\/\/www.romecityinstitute.com\/#organization","name":"Rome City Institute","url":"https:\/\/www.romecityinstitute.com\/","logo":{"@type":"ImageObject","inLanguage":"it-IT","@id":"https:\/\/www.romecityinstitute.com\/#\/schema\/logo\/image\/","url":"https:\/\/www.romecityinstitute.com\/wp-content\/uploads\/2022\/11\/ROME_CITY_INSTITUTE_HORIZONTAL_LOGO_POSITIVE_RGB-4.png","contentUrl":"https:\/\/www.romecityinstitute.com\/wp-content\/uploads\/2022\/11\/ROME_CITY_INSTITUTE_HORIZONTAL_LOGO_POSITIVE_RGB-4.png","width":5086,"height":1536,"caption":"Rome City Institute"},"image":{"@id":"https:\/\/www.romecityinstitute.com\/#\/schema\/logo\/image\/"},"sameAs":["https:\/\/www.facebook.com\/OfficialRomeCity","https:\/\/x.com\/RomeCityInst","https:\/\/www.instagram.com\/romecityinstitute\/"]},{"@type":"Person","@id":"https:\/\/www.romecityinstitute.com\/#\/schema\/person\/d399eaf6594004922e3fb5e1b078e896","name":"Stefano Radio","image":{"@type":"ImageObject","inLanguage":"it-IT","@id":"https:\/\/www.romecityinstitute.com\/#\/schema\/person\/image\/","url":"https:\/\/secure.gravatar.com\/avatar\/be9027045ae87c6305533ca37396ba9bbae0ab13c26f89ff4e152ca4958228dd?s=96&d=mm&r=g","contentUrl":"https:\/\/secure.gravatar.com\/avatar\/be9027045ae87c6305533ca37396ba9bbae0ab13c26f89ff4e152ca4958228dd?s=96&d=mm&r=g","caption":"Stefano Radio"}}]}},"_links":{"self":[{"href":"https:\/\/www.romecityinstitute.com\/it\/wp-json\/wp\/v2\/posts\/85803","targetHints":{"allow":["GET"]}}],"collection":[{"href":"https:\/\/www.romecityinstitute.com\/it\/wp-json\/wp\/v2\/posts"}],"about":[{"href":"https:\/\/www.romecityinstitute.com\/it\/wp-json\/wp\/v2\/types\/post"}],"author":[{"embeddable":true,"href":"https:\/\/www.romecityinstitute.com\/it\/wp-json\/wp\/v2\/users\/13"}],"replies":[{"embeddable":true,"href":"https:\/\/www.romecityinstitute.com\/it\/wp-json\/wp\/v2\/comments?post=85803"}],"version-history":[{"count":1,"href":"https:\/\/www.romecityinstitute.com\/it\/wp-json\/wp\/v2\/posts\/85803\/revisions"}],"predecessor-version":[{"id":85805,"href":"https:\/\/www.romecityinstitute.com\/it\/wp-json\/wp\/v2\/posts\/85803\/revisions\/85805"}],"wp:featuredmedia":[{"embeddable":true,"href":"https:\/\/www.romecityinstitute.com\/it\/wp-json\/wp\/v2\/media\/85804"}],"wp:attachment":[{"href":"https:\/\/www.romecityinstitute.com\/it\/wp-json\/wp\/v2\/media?parent=85803"}],"wp:term":[{"taxonomy":"category","embeddable":true,"href":"https:\/\/www.romecityinstitute.com\/it\/wp-json\/wp\/v2\/categories?post=85803"},{"taxonomy":"post_tag","embeddable":true,"href":"https:\/\/www.romecityinstitute.com\/it\/wp-json\/wp\/v2\/tags?post=85803"}],"curies":[{"name":"wp","href":"https:\/\/api.w.org\/{rel}","templated":true}]}}